{"id":4214,"date":"2014-09-26T18:47:33","date_gmt":"2014-09-26T17:47:33","guid":{"rendered":"http:\/\/funk24.org\/wordpress\/?p=4214"},"modified":"2014-10-04T07:39:22","modified_gmt":"2014-10-04T06:39:22","slug":"bayern-ost-rundspruch-3","status":"publish","type":"post","link":"https:\/\/funk24.org\/wordpress\/?p=4214","title":{"rendered":"Bayern-Ost Rundspruch"},"content":{"rendered":"<p><!--more--><br \/>\nU\u00a0\u00a0\u00a0\u00a0\u00a0 *\u00a0\u00a0\u00a0\u00a0\u00a0 U\u00a0\u00a0\u00a0 &#8212;&#8212;&#8212;&#8212;&#8212;&#8212;&#8212;&#8212;&#8212;&#8212;&#8212;&#8212;&#8212;&#8212;&#8212;&#8212;&#8212;&#8212;-<br \/>\nU\u00a0\u00a0\u00a0\u00a0 * *\u00a0\u00a0\u00a0\u00a0 U\u00a0\u00a0\u00a0\u00a0 D A R C Distrikt Bayern-Ost<br \/>\nU\u00a0\u00a0\u00a0 * D *\u00a0\u00a0\u00a0 U\u00a0\u00a0\u00a0\u00a0 Bereich Niederbayern und Oberpfalz<br \/>\nU\u00a0\u00a0 *\u00a0\u00a0\u00a0\u00a0 *\u00a0\u00a0 U\u00a0\u00a0\u00a0 &#8212;&#8212;&#8212;&#8212;&#8212;&#8212;&#8212;&#8212;&#8212;&#8212;&#8212;&#8212;&#8212;&#8212;&#8212;&#8212;&#8212;&#8212;-<br \/>\nU\u00a0 * A\u00a0\u00a0 R *\u00a0 U\u00a0\u00a0\u00a0\u00a0 D I S T R I K T S R U N D S P R U C H\u00a0 36 \/ KW39\/2014<br \/>\nU\u00a0 *\u00a0\u00a0\u00a0\u00a0\u00a0\u00a0 *\u00a0 U\u00a0\u00a0\u00a0\u00a0 Erstellt und ver\u00f6ffentlicht am 24. September 2014<br \/>\nU\u00a0\u00a0 *\u00a0\u00a0\u00a0\u00a0 *\u00a0\u00a0 U\u00a0\u00a0\u00a0\u00a0 von Dietrich-Eckhard Bieder, DL1RDB (U13)<br \/>\nU\u00a0\u00a0\u00a0 * C *\u00a0\u00a0\u00a0 U\u00a0\u00a0\u00a0 &#8212;&#8212;&#8212;&#8212;&#8212;&#8212;&#8212;&#8212;&#8212;&#8212;&#8212;&#8212;&#8212;&#8212;&#8212;&#8212;&#8212;&#8212;<br \/>\nU\u00a0\u00a0\u00a0\u00a0 *\u00a0\u00a0\u00a0\u00a0 U\u00a0\u00a0\u00a0\u00a0\u00a0 Dietrich-Eckhard, DL1RDB oder Klaus, DD4SK.<br \/>\nU\u00a0\u00a0\u00a0\u00a0\u00a0\u00a0 U\u00a0\u00a0\u00a0\u00a0\u00a0\u00a0\u00a0 Redaktionsschluss ist Mittwoch um 20:00 Uhr.<br \/>\nU U U\u00a0\u00a0\u00a0\u00a0\u00a0\u00a0\u00a0\u00a0 &#8212;&#8212;&#8212;&#8212;&#8212;&#8212;&#8212;&#8212;&#8212;&#8212;&#8212;&#8212;&#8212;&#8212;&#8212;&#8212;&#8212;&#8212;<\/p>\n<p>* Ausz\u00fcge aus dem Rundspruch bitten wir entsprechend zu kennzeichnen *<\/p>\n<p>Gr\u00fc\u00df Gott liebe H\u00f6rerinnen und H\u00f6rer, wir begr\u00fc\u00dfen alle Zuh\u00f6rer und Leser<br \/>\ndes Distriktsrundspruchs &#8222;Bayern-Ost&#8220;. Ausdr\u00fccklich begr\u00fc\u00dfen wir auch alle<br \/>\nZuh\u00f6rer, die noch keine Lizenz haben. Sollte unser Rundspruch mehr Appetit<br \/>\nauf den Amateurfunk machen, erhalten Sie weitere Informationen im Internet<br \/>\nunter www.darc.de\/u oder bei unserem Distriktsvorsitzenden Hans Reyzl, DL2ZA<br \/>\nunter der Telefonnummer 09661 4525.<\/p>\n<p>Den Rundspruchredakteur Dietrich-Eckhard Bieder, DL1RDB (U13) erreichen Sie<br \/>\nunter E-Mail dl1rdb@darc.de.<\/p>\n<p>===============================================================================<br \/>\nAllgemeine Info (Rundspruchsprecher: Nicht vorlesen)<br \/>\n===============================================================================<\/p>\n<p>Notfunkfrequenzen<br \/>\n&#8212;&#8212;&#8212;&#8212;&#8212;&#8211;<br \/>\nVon den Amateurfunkverb\u00e4nden der IARU wurden Center of Activity (CoA) f\u00fcr den<br \/>\nNotfunk festgelegt. Die IARU hat bei der Festlegung der CoA-Frequenzen die<br \/>\nunterschiedlichen gesetzlichen Bestimmungen der drei Regionen ber\u00fccksichtigt,<br \/>\nwas zu teilweise unterschiedlichen Notfunk-CoA-Frequenzen in den drei IARU-<br \/>\nRegionen f\u00fchrte. Stationen, die sich mit Notfunk befassen, sollten auf oder<br \/>\nin der N\u00e4he dieser Frequenzen zu finden sein.<\/p>\n<p>CoA-Frequenzen international (LSB)<\/p>\n<p>Reigon 1\u00a0\u00a0\u00a0\u00a0\u00a0\u00a0\u00a0\u00a0\u00a0\u00a0\u00a0\u00a0\u00a0\u00a0 Region 2\u00a0\u00a0\u00a0\u00a0\u00a0\u00a0\u00a0\u00a0\u00a0\u00a0\u00a0\u00a0\u00a0\u00a0\u00a0\u00a0\u00a0\u00a0 Region 3<br \/>\n3.760 kHz [LSB]\u00a0 3.750 oder 3.895 kHz [LSB]\u00a0\u00a0\u00a0\u00a0\u00a0\u00a0\u00a0\u00a0 3.600 kHz [LSB]<br \/>\n7.110 kHz [LSB]\u00a0 7.060, 7.240 oder 7.290 kHz [LSB]\u00a0 7.110 kHz [LSB]<\/p>\n<p>Weltweit (in USB)<\/p>\n<p>14.300 MHz<br \/>\n18.160 MHz<br \/>\n21.360 MHz<\/p>\n<p>Notfunkfrequenzen national (DL)<\/p>\n<p>3.643 MHz (LSB)\u00a0 Notfunkrundspruch und -runden<br \/>\n145.500 MHz (FM)\u00a0\u00a0 Anruffrequenz mobil<br \/>\n433.500 MHz (FM)\u00a0\u00a0 Anruffrequenz international<\/p>\n<p>F\u00fcr lokale oder regionale Ereignisse und Notrufe sollten auch<br \/>\ndie \u00f6rtlichen OV-Frequenzen ber\u00fccksichtigt werden.<br \/>\nInfo: Michael Becker, DJ9OZ \/ Referent f\u00fcr Not- und Katastrophenfunk im DARC<\/p>\n<p>Anschrift der Bundesnetzagentur Reutlingen<br \/>\n&#8212;&#8212;&#8212;&#8212;&#8212;&#8212;&#8212;&#8212;&#8212;&#8212;&#8212;&#8212;&#8212;&#8212;<br \/>\nBundesnetzagentur, Au\u00dfenstelle Karlsruhe, Standort Reutlingen<br \/>\nBismarckstra\u00dfe 3<br \/>\n72764 Reutlingen<\/p>\n<p>Zust\u00e4ndig f\u00fcr Anmeldungen zu Amateurfunkpr\u00fcfungen<\/p>\n<p>Die dort f\u00fcr uns zust\u00e4ndige Sachbearbeiterin ist:<br \/>\nMonika Zeller\u00a0\u00a0\u00a0\u00a0\u00a0\u00a0\u00a0\u00a0\u00a0\u00a0\u00a0\u00a0 Telefon: 07121 926-282<br \/>\nTelefax: 07121 926-180<\/p>\n<p>Auch Nachweise ortsfester Amateurfunkstellen nach Paragraf 9 der<br \/>\nBEMFV (Selbstanzeigen) sind zur BNetzA nach Reutlingen zu senden.<\/p>\n<p>Bitte senden Sie auch auch eine freiwillige Erkl\u00e4rung an die BNetzA-<br \/>\nAu\u00dfenstelle, wenn Sie aufgrund Ihrer Betriebsbedingungen nicht unter<br \/>\ndas Nachweisverfahren fallen.<\/p>\n<p>Schnelle Hilfe bei Funkst\u00f6rungen<br \/>\n&#8212;&#8212;&#8212;&#8212;&#8212;&#8212;&#8212;&#8212;&#8212;&#8212;&#8212;<br \/>\nBei Problemen im Funkbetrieb durch Funkst\u00f6rungen von oder bei Nachbarn<br \/>\nkann der Funkmessdienst der Bundesnetzagentur unter der bundesweit<br \/>\neinheitlichen Telefonnummer 04821 895555 verst\u00e4ndigt werden. Um eine<br \/>\ng\u00fctliche Einigung zu erzielen, sollte im St\u00f6rungsfall davon Gebrauch<br \/>\ngemacht werden. Die BNetzA weist darauf hin, dass die Bearbeitung<br \/>\nvon St\u00f6rf\u00e4llen f\u00fcr denjenigen, der eine St\u00f6rung meldet, im Regelfall<br \/>\nkostenlos ist.<\/p>\n<p>Anmeldungen zur Amateurfunkpr\u00fcfung in N\u00fcrnberg<br \/>\n&#8212;&#8212;&#8212;&#8212;&#8212;&#8212;&#8212;&#8212;&#8212;&#8212;&#8212;&#8212;&#8212;&#8212;&#8212;-<br \/>\nEine Anmeldung zur Amateurfunkpr\u00fcfung in N\u00fcrnberg ist jederzeit m\u00f6glich.<br \/>\nDiese ist an die BNetzA nach Reutlingen zu H\u00e4nden der Sachbearbeiterin Frau<br \/>\nMonika Zeller zu senden. Von ihr wird bei mehr als zehn eingegangenen Anmel-<br \/>\ndungen ein Pr\u00fcfungstermin in N\u00fcrnberg festgelegt.<\/p>\n<p>Fragenkataloge der BNetzA<br \/>\n&#8212;&#8212;&#8212;&#8212;&#8212;&#8212;&#8212;&#8212;-<br \/>\nDie von der BNetzA Mainz herausgegebenen Fragenkataloge mit Musterfragen<br \/>\nzu den Amateurfunkpr\u00fcfungen k\u00f6nnen bezogen werden werden von:<\/p>\n<p>Bundesnetzagentur, Au\u00dfenstelle Erfurt<br \/>\nDruckschriftenversand \/ Horst Reimann, DL4ARI<br \/>\nZeppelinstra\u00dfe 16\u00a0\u00a0\u00a0\u00a0\u00a0\u00a0\u00a0\u00a0\u00a0\u00a0\u00a0\u00a0\u00a0\u00a0\u00a0\u00a0\u00a0 Telefon: 0361 7398-272<br \/>\n99096 Erfurt\u00a0\u00a0\u00a0\u00a0\u00a0\u00a0\u00a0\u00a0\u00a0\u00a0\u00a0\u00a0\u00a0\u00a0\u00a0\u00a0\u00a0\u00a0\u00a0\u00a0\u00a0\u00a0 Telefax: 0361 7398-180<\/p>\n<p>E-Mail: druckschriften.versand@bnetza.de<\/p>\n<p>Im Internet sind Fragenkataloge als PDF-Dokument erh\u00e4ltlich:<\/p>\n<p>www.bundesnetzagentur.de\/cln_1912\/DE\/Sachgebiete\/Telekommunikation\/<br \/>\nRegulierungTelekommunikation\/Frequenzordnung\/Amateurfunk\/<br \/>\nFragenkatalog_Basepage.html<\/p>\n<p>===============================================================================<br \/>\nNun viel Spa\u00df mit den eingegangenen Meldungen<br \/>\n===============================================================================<\/p>\n<p>Technikbegeisterte Kids beim Ferienprogramm des OV Amberg (U01)<br \/>\n&#8212;&#8212;&#8212;&#8212;&#8212;&#8212;&#8212;&#8212;&#8212;&#8212;&#8212;&#8212;&#8212;&#8212;&#8212;&#8212;&#8212;&#8212;&#8212;&#8212;&#8212;<br \/>\nNach den Ferien erinnerten sich die Teilnehmer des Ferienprogramms der Stadt<br \/>\nAmberg oft an ihren &#8222;Tag bei den Amberger Funkamateuren&#8220;. Dann n\u00e4mlich, wenn<br \/>\nes in der Schule um den Stromkreis geht, wenn in Erdkunde fremde L\u00e4nder durch-<br \/>\ngenommen werden, im Englischunterricht deutlich wird, dass man mit dieser<br \/>\nFremdsprache einfach international ist oder wenn im Technikunterricht gel\u00f6tet<br \/>\nwird.<\/p>\n<p>Das alles und noch viel mehr hatten fast 20 technikinteressierte M\u00e4dchen und<br \/>\nBuben beim OV Amberg (U01) unter Leitung von OVV Manfred Heisel, DL5RCJ an der<br \/>\nClubstation DL0AO vermittelt bekommen. \u00dcber 10 Betreuer aus dem OV schafften<br \/>\nes, dass die Kids eigentlich gar nicht merkten, dass sie auch in den Ferien<br \/>\nirgendwie die Schulbank dr\u00fcckten.<\/p>\n<p>Neben dem Umgang mit dem Feinl\u00f6tkolben lernten sie Transistoren, Widerst\u00e4nde,<br \/>\nLeuchtdioden und Kondensatoren kennen. Das alles war n\u00e4mlich f\u00fcr die Konstruk-<br \/>\ntion eines elektronischen Multifunktionsw\u00fcrfels wissenswert, den jeder Teil-<br \/>\nnehmer selbst auf einer Platine aufbaute und stolz mit nach Hause nehmen<br \/>\nkonnte &#8211; unter Anleitung von DG6RB, DL9RCI und DH3RFJ immerhin selbstgebaut!<br \/>\nDieser Elektronikbaustein kann nicht nur w\u00fcrfeln, sondern auch als Zufalls-<br \/>\ngenerator oder als optische Morsetaste programmiert werden.<\/p>\n<p>Unter dem Ausbildungscall DN1FLO gelangen Kontakte mit ganz Europa und als<br \/>\nbesondere Highlights bleiben den Kids die QSOs mit BD7BM in Changsha, der<br \/>\nHauptstadt der chinesischen Provinz Hunan oder mit DJ9QE\/p auf der Hallig<br \/>\nLangeness (DLFF 0134, IOTA: EU042)\u00a0in Erinnerung. Aber ein wenig schwei\u00dfnass<br \/>\nwaren die H\u00e4nde schon, die w\u00e4hrend dieser Funkverbindungen das Mikrofon<br \/>\nhielten&#8230;<\/p>\n<p>In einer anderen Ecke zeigten leuchtende Augen, dass das Morsealphabet im<br \/>\nZeitalter von Handy und Computer keinesfalls seinen Reiz verloren hat.<br \/>\n&#8222;Didahdidit \u2013 didahdit&#8220; t\u00f6nte es in den Kopfh\u00f6rern der Ferieng\u00e4ste und<br \/>\nwenn das Zeichen richtig aufgenommen wurde, erfolgte unmittelbar die<br \/>\nBest\u00e4tigung auf einem Monitor.<\/p>\n<p>Die Fuchsjagd mit DJ3TF geh\u00f6rt wie selbstverst\u00e4ndlich schon seit Jahrzehnten<br \/>\nzum Amberger Ferienprogramm, um auch den Eltern den sinnvollen Hintergrund<br \/>\naufzuzeigen, wie potentielle St\u00f6rquellen der Unterhaltungselektronik nicht<br \/>\nnur den Funkamateuren zu schaffen machen, die aber auch Kommunikationsger\u00e4te<br \/>\nim Haushalt massiv st\u00f6ren k\u00f6nnen. Mit einem Peiler findet man sie&#8230;<\/p>\n<p>Und Thomas, DJ5RE schaffte es mit seinen Exponaten, den Kids einen Vergleich<br \/>\nder Funktechnik teils vor dem Krieg mit den Medien von heute zu vermitteln.<br \/>\nAuch das war Amateurfunk!<\/p>\n<p>Diese konsequente, jahrzehntelange Jugendarbeit des OV Amberg tr\u00e4gt jedenfalls<br \/>\nFr\u00fcchte, wie einige ehemalige Teilnehmer beweisen, die inzwischen lizenziert,<br \/>\nMitglied im DARC sind und aktiv das OV-Leben mitgestalten!<\/p>\n<p>Weitere Informationen unter www.amateurfunk-amberg.de oder www.dg6rb.de.<br \/>\nInfo: Wolfgang Wessely, DJ3TF \/ \u00d6ffentlichkeitsreferent U01<\/p>\n<p>Neues OV-Lokal des OV Neumarkt (U10)<br \/>\n&#8212;&#8212;&#8212;&#8212;&#8212;&#8212;&#8212;&#8212;&#8212;&#8212;&#8212;&#8212;<br \/>\nNachdem unser langj\u00e4hriges OV-Lokal, der Gasthof &#8222;Ni\u00dflbeck&#8220; in Neumarkt-<br \/>\nH\u00f6henberg zum Ende des Jahres schlie\u00dfen wird und Donnerstag nun leider<br \/>\nnicht ge\u00f6ffnet hat, mussten wir uns nach einem neuen OV-Lokal umsehen.<\/p>\n<p>Ab September finden unsere OV-Abende daher in der neuen Lokalit\u00e4t statt:<\/p>\n<p>Gasthaus Zur Au<br \/>\nHochstra\u00dfe 19<br \/>\n92318 Neumarkt, Woffenbach<\/p>\n<p>Der OV-Abend des OV Neumarkt (U10) findet immer am letzten Donnerstag im<br \/>\nMonat ab 20:00 Uhr statt. N\u00e4chster Termin ist am 25. September 2014.<br \/>\nInfo: Peter Frank, DO1NPF (OVV U10)<br \/>\nQRV: DM0TMH auf 438.7125 MHz, Echolink 6000<br \/>\nDB0VOX-B auf 439.525 MHz, D-STAR<\/p>\n<p>Stammtisch der Initiative &#8222;FabLab Neumarkt&#8220;<br \/>\n&#8212;&#8212;&#8212;&#8212;&#8212;&#8212;&#8212;&#8212;&#8212;&#8212;&#8212;&#8212;&#8212;&#8212;-<br \/>\nDie Mitglieder der Initiative &#8222;FabLab Neumarkt&#8220; treffen sich zu ihrem<br \/>\nregelm\u00e4\u00dfigen Stammtisch alle drei Wochen donnerstags in der Gaststube<br \/>\n&#8222;Koa Dahoam&#8220;, Weiherstra\u00dfe 12a in Neumarkt. Das n\u00e4chste Treffen findet<br \/>\nam Donnerstag, 02. Oktober 2014 ab 19:00 Uhr statt.<\/p>\n<p>Auf ausdr\u00fccklichen Wunsch der Veranstalter sind hierbei auch Funkamateure<br \/>\ngern gesehene Mitstreiter.<\/p>\n<p>Chris Herrmann von der FabLab Region N\u00fcrnberg, versucht dabei zu sein und<br \/>\nsteht f\u00fcr Fragen (u.a. zu einer m\u00f6glichen Roadshow) zur Verf\u00fcgung.<\/p>\n<p>Wer mit dem Begiff &#8222;FabLab&#8220; noch nichts anfangen kann, dem sind folgende<br \/>\nzwei Videos im Internet empfohlen.<\/p>\n<p>Beitrag zur Infoveranstaltung im Juli 2014<br \/>\nvon Chris Herrmann, FabLab Region N\u00fcrnberg:<\/p>\n<p>www.neumarkt-tv.de\/Aktuelles\/Neumarkt-Nachrichten\/Artikel\/<br \/>\n1358124\/Zu-Gast-bei-Car-Wash-Chris-Hermann&#8212;FabLab-Nuernberg<\/p>\n<p>Beitrag bei IN Tv zum Treffen im September, ab Minute 13:15:<\/p>\n<p>www.intv.de\/mediathek\/video\/studio-neumarkt-vom-13-09-2014\/#.VBa4hTTwC70<\/p>\n<p>Info: Lisa Poll, Zukunftscoach der Initiative &#8222;FabLab Neumarkt&#8220;<\/p>\n<p>Flohmarkt des OV Rottal-Inn (U12)<br \/>\n&#8212;&#8212;&#8212;&#8212;&#8212;&#8212;&#8212;&#8212;&#8212;&#8212;&#8212;<br \/>\nDer OV Rottal-Inn (U12) veranstaltet wie jedes Jahr am ersten\u00a0Samstag im<br \/>\nOktober, dieses Jahr am 04. Oktober, den Bayern-Ost Funk- und Elektronik-<br \/>\nflohmarkt in der Rottgauhalle in Eggenfelden. Angeboten wird alles um Ama-<br \/>\nteurfunk, CB-Funk, Computer und Elektronikzubeh\u00f6r. Der Eintritt kostet<br \/>\n3 Euro. Weitere Informationen findet man auf der OV-Homepage unter<br \/>\nwww.darc.de\/u12.<\/p>\n<p>Tischreservierungen bitte online auf der Homepage oder unter Telefon<br \/>\n08572 963231. Bitte die Reservierung nur einmal absenden, es erfolgt<br \/>\nkeine automatische Best\u00e4tigung! Der Flohmarktmanager Gerhard, DF8GU<br \/>\n(Festnetz: 08572 963231, Mobil: 0173 9230120) wird jeweils manuell<br \/>\nbest\u00e4tigten.<\/p>\n<p>Einweisung erfolgt vor Ort auf 145.550 MHz.<br \/>\nEinlass f\u00fcr Aussteller ab 06:00 Uhr, f\u00fcr Besucher ab 09:00 Uhr.<br \/>\nDer OV Rottal-Inn (U12) l\u00e4dt hiermit alle OM, XYLs und YLs sowie<br \/>\nalle sonstigen Interessenten herzlichst hierzu ein.<br \/>\nInfo: Manfred Stey, DH4RN (OVV U12)<\/p>\n<p>60. Treffen des Bayerischen Bergtages (BBT)<br \/>\n&#8212;&#8212;&#8212;&#8212;&#8212;&#8212;&#8212;&#8212;&#8212;&#8212;&#8212;&#8212;&#8212;&#8212;-<br \/>\nDas 60. BBT-Treffen findet dieses Jahr am 11. und 12. Oktober 2014 in Sankt<br \/>\nEnglmar im Bayerischen Wald statt. Das Veranstaltungslokal ist der Berggasthof<br \/>\n&#8222;Markbuchen&#8220;, Markbuchen 4 in 94379 St. Englmar.<\/p>\n<p>Programm am Samstag, 11.10.2014<br \/>\n&#8212;&#8212;&#8212;&#8212;&#8212;&#8212;&#8212;&#8212;&#8212;&#8212;-<br \/>\n10:00-12:00 Uhr\u00a0\u00a0 Flohmarkt (keine Tischgeb\u00fchr)<br \/>\n10:00-12:00 Uhr\u00a0\u00a0 Pr\u00e4sentation der Ger\u00e4te f\u00fcr den Selbstbauwettbewerb<br \/>\n14:00-17:00 Uhr\u00a0\u00a0 Begr\u00fc\u00dfung, Gru\u00dfworte,<br \/>\nPreisverleihung f\u00fcr den Bayerischen Bergtag<br \/>\nPreisverleihung f\u00fcr den Selbstbauwettbewerb<br \/>\nanschlie\u00dfend gem\u00fctliches Beisammensein<\/p>\n<p>Nach der Preisverleihung f\u00fcr den BBT und den Selbstbauwettbewerb treffen sich<br \/>\ndie BBT-Freunde wieder zum gem\u00fctlichen Beisammensein, bei dem die Ergebnisse<br \/>\ndieses Jahres diskutiert und auch Erinnerungen aus den vergangenen Jahrzehnten<br \/>\naufgefrischt werden. Dabei ist sicherlich auch manches Erfolgsgeheimnis zu<br \/>\nerfahren.<\/p>\n<p>Programm am Sonntag, 12.10.2014<br \/>\n&#8212;&#8212;&#8212;&#8212;&#8212;&#8212;&#8212;&#8212;&#8212;&#8212;-<br \/>\n10:00-12:00 Uhr\u00a0\u00a0 Technischer Fr\u00fchschoppen<\/p>\n<p>Am Sonntag werden beim technischen Fr\u00fchschoppen unter anderem auch Vorschl\u00e4ge<br \/>\nf\u00fcr \u00c4nderungen der Ausschreibungsbedingungen diskutiert und eventuelle Regel-<br \/>\n\u00e4nderungen beschlossen. Der BBT ist der einzige Wettbewerb, bei dem die Teil-<br \/>\nnehmer die Regeln selbst gestalten k\u00f6nnen.<\/p>\n<p>\u00dcbernachtungsm\u00f6glichkeiten k\u00f6nnen bei der<br \/>\nTourist-Information St. Englmar erfragt werden:<\/p>\n<p>Telefon: 09965 8403-20<br \/>\nTelefax: 09965\/8403-30<br \/>\nE-Mail:\u00a0 tourist-info@sankt-englmar.de<\/p>\n<p>Info: BBT-Homepage<\/p>\n<p>===============================================================================<br \/>\nInfos zur AFU-Ausbildung<br \/>\n===============================================================================<\/p>\n<p>Kurs des OV Regensburg (U13) zur Vorbereitung auf die Amateurfunkpr\u00fcfung<br \/>\n&#8212;&#8212;&#8212;&#8212;&#8212;&#8212;&#8212;&#8212;&#8212;&#8212;&#8212;&#8212;&#8212;&#8212;&#8212;&#8212;&#8212;&#8212;&#8212;&#8212;&#8212;&#8212;&#8212;&#8212;<br \/>\nDer OV Regensburg (U13) hilft Neueinsteigern bei der Vorbereitung zur<br \/>\nPr\u00fcfung der Klasse E bei der Bundesnetzagentur. Der Kurs findet einmal<br \/>\nw\u00f6chentlich in Regensburg statt und dauert etwa vier Monate. Neben der<br \/>\nTheorie in Technik, Betriebstechnik und Gesetzeskunde steht auch prak-<br \/>\ntischer Funkbetrieb auf dem Programm.<\/p>\n<p>Es beginnt mit den elektronischen Grundelementen und baut hierauf auf.<br \/>\nDaher haben auch Interessenten ohne Elektronikvorkenntnisse gute M\u00f6glich-<br \/>\nkeiten zum Einstieg. F\u00fcr Fragen steht genug Raum zur Verf\u00fcgung und die<br \/>\nDozenten sind auch au\u00dferhalb des Kurses zur Hilfe bereit. Der Kurs selbst<br \/>\nist f\u00fcr Mitglieder des DARC kostenlos, alle Dozenten arbeiten vollkommen<br \/>\nehrenamtlich.<\/p>\n<p>Von den Teilnehmern m\u00fcssen nur die Unkosten f\u00fcr die Materialien getragen<br \/>\nwerden. Genaue Informationen hierzu und zum genauen Verlauf erfolgen bei<br \/>\nder unverbindlichen und kostenlosen Infoveranstaltung direkt vor unserem<br \/>\nOV-Abend am Freitag, 19. September 2014 ab 18:00 Uhr in der Gastst\u00e4tte<br \/>\nLandgraf\/Kargl in der Keilbergstra\u00dfe 3 in 93173 Wenzenbach.<\/p>\n<p>Informationen zum Kurs gibt es bei Tobias Christoph, DC3TC (OVV U13).<br \/>\nSeine Kontaktdaten stehen auf der U13-Homepage unter www.darc.de\/u13.<br \/>\nInfo: Tobias Christoph, DC3TC (OVV U13)<\/p>\n<p>Lizenzkurs beim OV Straubing (U14)<br \/>\n&#8212;&#8212;&#8212;&#8212;&#8212;&#8212;&#8212;&#8212;&#8212;&#8212;&#8212;-<br \/>\nKurs beim OV Straubing in unserem Clubheim,<br \/>\nHafnerstra\u00dfe 8 in 94377 Steinach.<\/p>\n<p>===============================================================================<br \/>\nAktuelle Sonder-DOKs im Distrikt Bayern-Ost<br \/>\n===============================================================================<\/p>\n<p>Bitte meldet weitere beantragte oder bereits aktuelle Sonder-DOKs an<br \/>\ndie Rundspruchredaktion. Die Adresse steht am Ende dieses Rundspruches.<\/p>\n<p>===============================================================================<br \/>\nTermine und Veranstaltungen im Distrikt Bayern-Ost<br \/>\n===============================================================================<\/p>\n<p>OV-Abende im Distrikt U<br \/>\n&#8212;&#8212;&#8212;&#8212;&#8212;&#8212;&#8212;&#8211;<br \/>\nDonnerstag 25.09.2014<br \/>\n20:00 Uhr\u00a0 U10 im Gasthaus &#8222;Zur Au&#8220;, Hochstra\u00dfe 19 in Neumarkt, Woffenbach<\/p>\n<p>Freitag 26.09.2014<br \/>\n20:00 Uhr\u00a0 U17 im Sch\u00fctzenhaus der Feurersch\u00fctzen in Weiden<br \/>\n20:00 Uhr\u00a0 U22 im Gasthaus &#8222;Zur Barthschmiede&#8220; in Altdorf<br \/>\n19:30 Uhr\u00a0 U25 im Gasthaus &#8222;Breitenacher&#8220; in Seyboldsdorf (alle 2 Monate)<br \/>\n20:00 Uhr\u00a0 U26 im Gasthof &#8222;Miethanner&#8220; in K\u00f6tzting<\/p>\n<p>Jeden Sonn- und Feiertag<br \/>\n10:00 Uhr\u00a0 U15 technischer Fr\u00fchschoppen bei den Waldvogelfreunden<\/p>\n<p>Jeden Dienstag<br \/>\nca. 19:00 Uhr\u00a0 U01 Clubstationstreff an DL0AO<\/p>\n<p>Jeden Donnerstag<br \/>\n20:00 Uhr\u00a0 U27 im Clubheim &#8222;Alte Schule&#8220; in M\u00fcnchshofen<\/p>\n<p>OV-Aktivit\u00e4ten<br \/>\n&#8212;&#8212;&#8212;&#8212;&#8211;<br \/>\nJeden Sonntag<br \/>\n10:00 Uhr\u00a0 U07 OV-Runde \u00fcber DB0SL\u00a0\u00a0\u00a0\u00a0\u00a0 auf 145.700 MHz<br \/>\n10:00 Uhr\u00a0 U13 OV Runde \u00fcber DB0RP\u00a0\u00a0\u00a0\u00a0\u00a0 auf 439.100 MHz<br \/>\n10:00 Uhr\u00a0 U14 OV Runde im 10-m-Band\u00a0\u00a0\u00a0 auf\u00a0 28.810 MHz in SSB<br \/>\n10:30 Uhr\u00a0 U21 OV Runde \u00fcber DB0LP\u00a0\u00a0\u00a0\u00a0\u00a0 auf 439.325 MHZ<\/p>\n<p>===============================================================================<br \/>\nTerminvorschau in der Kurz\u00fcbersicht<br \/>\n===============================================================================<\/p>\n<p>September 2014<br \/>\n&#8212;&#8212;&#8212;&#8212;&#8211;<br \/>\n27.\u00a0\u00a0\u00a0\u00a0\u00a0 18. Young Helpers on the Air<\/p>\n<p>Oktober 2014<br \/>\n&#8212;&#8212;&#8212;&#8212;<br \/>\n02.\u00a0\u00a0\u00a0\u00a0\u00a0 Stammtisch der Initiative &#8222;FabLab Neumarkt&#8220;\u00a0\u00a0\u00a0\u00a0\u00a0\u00a0\u00a0\u00a0\u00a0 ab 19:00 Uhr MESZ<br \/>\nGaststube &#8222;Koa Dahoam&#8220;, Weiherstra\u00dfe 12a in Neumarkt<br \/>\nmit Beteiligung der OVe N\u00fcrnberg S\u00fcd (B11) und Neumarkt (U10)<\/p>\n<p>04.\u00a0\u00a0\u00a0\u00a0\u00a0 QRP-Treffen im Schwarzwald\u00a0\u00a0\u00a0\u00a0\u00a0\u00a0\u00a0\u00a0\u00a0\u00a0\u00a0\u00a0\u00a0\u00a0\u00a0\u00a0\u00a0\u00a0\u00a0\u00a0\u00a0\u00a0\u00a0\u00a0\u00a0\u00a0\u00a0\u00a0\u00a0\u00a0 ab 09:30 MESZ<br \/>\nin der Grundschule in Schluchsee<\/p>\n<p>04.\u00a0\u00a0\u00a0\u00a0\u00a0 Flohmarkt in Eggenfelden<br \/>\nwww.darc.de\/u12<\/p>\n<p>07.\u00a0\u00a0\u00a0\u00a0\u00a0 BCC-Stammtisch Ostbayern-Oberpfalz an DL0AO<\/p>\n<p>10.-12.\u00a0 18. Funktionstr\u00e4gerseminar des DARC in Baunatal<\/p>\n<p>11.-12.\u00a0 60. BBT-Treffen in St. Englmar<br \/>\nwww.bergtag.de<\/p>\n<p>18.\u00a0\u00a0\u00a0\u00a0\u00a0 23. Rheintal Electronica\u00a0\u00a0\u00a0\u00a0\u00a0\u00a0\u00a0\u00a0\u00a0\u00a0\u00a0\u00a0\u00a0\u00a0\u00a0\u00a0\u00a0\u00a0\u00a0\u00a0\u00a0\u00a0\u00a0\u00a0\u00a0\u00a0\u00a0\u00a0\u00a0 09:00-16:00 MESZ<br \/>\nin der Hardt-Halle in Durmersheim<\/p>\n<p>18.-19.\u00a0 57. Jamboree-On-The-Air (JOTA)<\/p>\n<p>26.\u00a0\u00a0\u00a0\u00a0\u00a0 Ende der Sommerzeit (MEZ = UTC + 1h)\u00a0\u00a0\u00a0\u00a0\u00a0\u00a0\u00a0\u00a0\u00a0\u00a0 03:00 MESZ -&gt; 02:00 MEZ<\/p>\n<p>November 2014<br \/>\n&#8212;&#8212;&#8212;&#8212;-<\/p>\n<p>04.\u00a0\u00a0\u00a0\u00a0\u00a0 BCC-Stammtisch Ostbayern-Oberpfalz an DL0AO<\/p>\n<p>08.\u00a0\u00a0\u00a0\u00a0\u00a0 33. Interradio in Hannover<br \/>\nhttp:\/\/interradio.info<\/p>\n<p>14.-16.\u00a0 DARC Mitgliederversammlung\/Amateurratstagung in Hamburg<\/p>\n<p>===============================================================================<br \/>\nSendetermine \/ Internet \/ Kontaktdaten<br \/>\n===============================================================================<\/p>\n<p>Der Bayern-Ost-Rundspruch wird ausgesendet<br \/>\n&#8212;&#8212;&#8212;&#8212;&#8212;&#8212;&#8212;&#8212;&#8212;&#8212;&#8212;&#8212;&#8212;&#8212;<br \/>\n&#8211;&gt; Donnerstags ab 19:00 Uhr \u00fcber die Relais:<br \/>\nRegensburg, DB0TK auf 145.750 MHz<br \/>\nRegensburg, DB0RP auf 438.900 MHz<br \/>\nLandau, DB0SL auf 145.700 MHz<\/p>\n<p>&#8211;&gt; Freitags ab 19:00 Uhr \u00fcber das Relais:<br \/>\nCham, DB0YC auf 145.675 MHz<\/p>\n<p>&#8211;&gt; Freitags ab 19:30 Uhr \u00fcber die Relais:<br \/>\nTrautmannshofen, DM0TMH auf 438.7125 MHz (Echolink 6000)<br \/>\nN\u00fcrnberg-Stadt, DB0UN auf 145.650 MHz<br \/>\nNennslingen, DB0AMB auf 439.425 MHz (Echolink 233842)<br \/>\nHersbruck, DB0EH auf 145.6625 MHz (Echolink 22580)<br \/>\n(nach dem DL- und Frankenrundspruch)<\/p>\n<p>Der Distriktsrundspruch ist ab Freitagabend im Internet<br \/>\nauf der Homepage des Distriktes Bayern-Ost<br \/>\nunter www.darc.de\/distrikte\/u sowie auf der Homepage des OV Landshut (U08)<br \/>\nunter www.u08.de nachzulesen.<\/p>\n<p>Die Redaktion erreichen Sie unter dl1rdb@darc.de. Redaktion und<br \/>\nRundspruchsprecher bedanken sich f\u00fcrs Zuh\u00f6ren und w\u00fcnschen allen<br \/>\neinen guten Abend und ein erholsames Wochenende.<\/p>\n<p>Hier war (Rufzeichen) an der Clubstation (Station). AWDH bis zum<br \/>\nn\u00e4chsten Rundspruch am Donnerstag\/Freitag ab 19:00 Uhr auf dieser QRG.<br \/>\nNach einer kleinen Pause freue ich mich auf eventuelle Best\u00e4tigungen.<\/p>\n<p>===============================================================================<br \/>\nHier die Kontaktdaten des Redaktionsteams<br \/>\n===============================================================================<\/p>\n<p>Dietrich-Eckhard Bieder, DL1RDB (U13)\u00a0\u00a0\u00a0\u00a0 Telefon:\u00a0\u00a0\u00a0\u00a0\u00a0\u00a0 0941 7501968<br \/>\nE-Mail:\u00a0\u00a0\u00a0\u00a0\u00a0\u00a0\u00a0 dl1rdb@t-online.de<\/p>\n<p>Rudi Ehrenschwender, DG5RCH (U14)\u00a0\u00a0\u00a0\u00a0\u00a0\u00a0\u00a0\u00a0 Telefon:\u00a0\u00a0\u00a0\u00a0\u00a0\u00a0 08733 1617<br \/>\nE-Mail:\u00a0\u00a0\u00a0\u00a0\u00a0\u00a0\u00a0 dg5rch@web.de<\/p>\n<p>Klaus Seufzger, DD4SK<\/p>\n<p>===============================================================================<br \/>\nDieser Rundspruch wurde redaktionell bearbeitet von DH1NEK.<br \/>\n===============================================================================<\/p>\n","protected":false},"excerpt":{"rendered":" <a class=\"more-link\" href=\"https:\/\/funk24.org\/wordpress\/?p=4214\"><span class=\"more-msg\">Weiterlesen &rarr;<\/span><\/a>","protected":false},"author":1,"featured_media":0,"comment_status":"closed","ping_status":"closed","sticky":false,"template":"","format":"standard","meta":{"_crdt_document":"","footnotes":""},"categories":[12],"tags":[47],"class_list":["post-4214","post","type-post","status-publish","format-standard","hentry","category-14-bayernostrundspruch","tag-bayern-ost-rundspruch"],"_links":{"self":[{"href":"https:\/\/funk24.org\/wordpress\/index.php?rest_route=\/wp\/v2\/posts\/4214","targetHints":{"allow":["GET"]}}],"collection":[{"href":"https:\/\/funk24.org\/wordpress\/index.php?rest_route=\/wp\/v2\/posts"}],"about":[{"href":"https:\/\/funk24.org\/wordpress\/index.php?rest_route=\/wp\/v2\/types\/post"}],"author":[{"embeddable":true,"href":"https:\/\/funk24.org\/wordpress\/index.php?rest_route=\/wp\/v2\/users\/1"}],"replies":[{"embeddable":true,"href":"https:\/\/funk24.org\/wordpress\/index.php?rest_route=%2Fwp%2Fv2%2Fcomments&post=4214"}],"version-history":[{"count":0,"href":"https:\/\/funk24.org\/wordpress\/index.php?rest_route=\/wp\/v2\/posts\/4214\/revisions"}],"wp:attachment":[{"href":"https:\/\/funk24.org\/wordpress\/index.php?rest_route=%2Fwp%2Fv2%2Fmedia&parent=4214"}],"wp:term":[{"taxonomy":"category","embeddable":true,"href":"https:\/\/funk24.org\/wordpress\/index.php?rest_route=%2Fwp%2Fv2%2Fcategories&post=4214"},{"taxonomy":"post_tag","embeddable":true,"href":"https:\/\/funk24.org\/wordpress\/index.php?rest_route=%2Fwp%2Fv2%2Ftags&post=4214"}],"curies":[{"name":"wp","href":"https:\/\/api.w.org\/{rel}","templated":true}]}}